{"id":7760,"date":"2026-03-12T14:57:10","date_gmt":"2026-03-12T13:57:10","guid":{"rendered":"https:\/\/www.agv-online.de\/wordpress\/?p=7760"},"modified":"2026-03-12T14:57:10","modified_gmt":"2026-03-12T13:57:10","slug":"lehrgang-personalreferent-2026","status":"publish","type":"post","link":"https:\/\/www.agv-online.de\/wordpress\/lehrgang-personalreferent-2026\/","title":{"rendered":"Lehrgang Gepr\u00fcfte\/r Personalreferent\/in (EBZ\/AGV) \u2013 Start: 24. Juni 2026"},"content":{"rendered":"<div id='full_slider_1'  class='avia-fullwidth-slider main_color avia-shadow   avia-builder-el-0  el_before_av_section  avia-builder-el-first   container_wrap fullsize'  ><\/div>\n\n<style type=\"text\/css\" data-created_by=\"avia_inline_auto\" id=\"style-css-av-khnxyzm0-45d10ac42093bbfd4a762c725bba7723\">\n.avia-section.av-khnxyzm0-45d10ac42093bbfd4a762c725bba7723{\nbackground-color:#3088c4;\nbackground-image:unset;\nmargin-top:20px;\nmargin-bottom:0px;\n}\n<\/style>\n<div id='av_section_1'  class='avia-section av-khnxyzm0-45d10ac42093bbfd4a762c725bba7723 main_color avia-section-default avia-no-border-styling  avia-builder-el-1  el_after_av_slideshow_full  el_before_av_one_full  avia-bg-style-scroll container_wrap fullsize'  ><div class='container av-section-cont-open' ><div class='template-page content  av-content-full alpha units'><div class='post-entry post-entry-type-page post-entry-7760'><div class='entry-content-wrapper clearfix'>\n\n<\/div><\/div><\/div><!-- close content main div --><\/div><\/div><div id='after_section_1'  class='main_color av_default_container_wrap container_wrap fullsize'  ><div class='container av-section-cont-open' ><div class='template-page content  av-content-full alpha units'><div class='post-entry post-entry-type-page post-entry-7760'><div class='entry-content-wrapper clearfix'>\n\n<style type=\"text\/css\" data-created_by=\"avia_inline_auto\" id=\"style-css-av-2k0fo5-1aeac8dec58cb4e8e22a4e5f213d092b\">\n.flex_column.av-2k0fo5-1aeac8dec58cb4e8e22a4e5f213d092b{\nborder-radius:0px 0px 0px 0px;\npadding:0px 0px 0px 0px;\n}\n<\/style>\n<div  class='flex_column av-2k0fo5-1aeac8dec58cb4e8e22a4e5f213d092b av_one_full  avia-builder-el-3  el_after_av_section  el_before_av_section  avia-builder-el-no-sibling  first flex_column_div av-zero-column-padding  '     ><section  class='av_textblock_section av-kmq08tpu-188acf2d72509029281f17ab7aa5b1bd '   itemscope=\"itemscope\" itemtype=\"https:\/\/schema.org\/BlogPosting\" itemprop=\"blogPost\" ><div class='avia_textblock'  itemprop=\"text\" ><p><strong>Lehrgang Gepr\u00fcfte\/r Personalreferent\/in (EBZ\/AGV) \u2013 Start: 24. Juni 2026<\/strong><\/p>\n<p>In diesem Jahr bieten wir wieder in Zusammenarbeit mit dem EBZ Europ\u00e4isches Bildungszentrum der Wohnungs- und Immobilienwirtschaft den Lehrgang \u201eGepr\u00fcfte\/r Personalreferent\/in in der Wohnungs- und Immobilienwirtschaft\u201c an. Mit dem Lehrgang werden ausgew\u00e4hlte Mitarbeiter f\u00fcr die \u00dcbernahme von Personalaufgaben in Wohnungsunternehmen qualifiziert, damit sie zuk\u00fcnftig die Gesch\u00e4ftsf\u00fchrung bei diesen Themen entlasten und zus\u00e4tzliche Impulse und Ideen in die Personalarbeit des Unternehmens einbringen k\u00f6nnen. Der Lehrgang wendet sich vorrangig an Assistenten\/innen der Gesch\u00e4ftsf\u00fchrung, Mitarbeiter\/innen in der Lohnbuchhaltung und weitere Besch\u00e4ftigte, die Personalaufgaben im Unternehmen \u00fcbernehmen. Aber auch f\u00fcr Personalreferenten, die ihr Wissen auffrischen oder erweitern m\u00f6chten, sowie f\u00fcr \u201eSeiteneinsteiger\u201c im Personalmanagement gro\u00dfer immobilienwirtschaftlicher Unternehmen ist der Lehrgang geeignet. Neben den arbeitsrechtlichen Grundlagen werden die Themengebiete Personalentwicklung und Sozialversicherungsrecht behandelt.<\/p>\n<p><strong>Weitere Informationen<\/strong> zum Lehrgang finden Sie unter<\/p>\n<p><a href=\"https:\/\/www.ebz-training.de\/geprufter-personalreferentin-in-der-wohnungs-und-immobilienwirtschaft-agvebz?termin=LEG001671\">https:\/\/www.ebz-training.de\/geprufter-personalreferentin-in-der-wohnungs-und-immobilienwirtschaft-agvebz?termin=LEG001671<\/a>.<\/p>\n<\/div><\/section><\/div><\/div><\/div><\/div><!-- close content main div --><\/div><\/div>\n<style type=\"text\/css\" data-created_by=\"avia_inline_auto\" id=\"style-css-av-3rh2tx-bde76a8ae0b290abe09d5f4eb13e10c8\">\n.avia-section.av-3rh2tx-bde76a8ae0b290abe09d5f4eb13e10c8{\nbackground-color:#3088c4;\nbackground-image:unset;\n}\n<\/style>\n<div id='av_section_2'  class='avia-section av-3rh2tx-bde76a8ae0b290abe09d5f4eb13e10c8 main_color avia-section-default avia-no-border-styling  avia-builder-el-5  el_after_av_one_full  avia-builder-el-last  avia-bg-style-scroll container_wrap fullsize'  ><div class='container av-section-cont-open' ><div class='template-page content  av-content-full alpha units'><div class='post-entry post-entry-type-page post-entry-7760'><div class='entry-content-wrapper clearfix'>\n<div  class='flex_column av-av_one_full-2bfd7664662a93f903afac3b32a576a2 av_one_full  avia-builder-el-6  avia-builder-el-no-sibling  first flex_column_div  '     ><section  class='av_textblock_section av-av_textblock-b244c3c11324f10da029683c560f2b12 '   itemscope=\"itemscope\" itemtype=\"https:\/\/schema.org\/BlogPosting\" itemprop=\"blogPost\" ><div class='avia_textblock'  itemprop=\"text\" ><h2>weitere aktuelle Informationen<\/h2>\n<\/div><\/section><br \/>\n<div  class='hr av-av_hr-5ec3bb168a3f28f9483e9dc28579cad9 hr-default  avia-builder-el-8  el_after_av_textblock  el_before_av_magazine '><span class='hr-inner '><span class=\"hr-inner-style\"><\/span><\/span><\/div><br \/>\n<div  id=\"avia-magazine-1\"  class='av-magazine av-av_magazine-8c91c94844b00c201d6a4229cf8d2fd4  avia-builder-el-9  el_after_av_hr  avia-builder-el-last   avia-builder-el-9  el_after_av_hr  avia-builder-el-last ' ><div class='av-magazine-group sort_all'><article class='av-magazine-entry av-magazine-entry-id-7904 av-magazine-format-standard av-magazine-type-post av-magazine-entry-1 av-magazine-entry-small av-magazine-no-thumb'  itemscope=\"itemscope\" itemtype=\"https:\/\/schema.org\/BlogPosting\" itemprop=\"blogPost\" ><div class=\"av-magazine-content-wrap\"><header class=\"entry-content-header\" aria-label=\"Post: Steuer- und sozialabgabenfreie Entlastungspr\u00e4mie\"><time class='av-magazine-time updated'  itemprop=\"datePublished\" datetime=\"2026-04-22T14:05:26+02:00\" >22. April 2026<\/time><h3 class='av-magazine-title entry-title '  itemprop=\"headline\" ><a href='https:\/\/www.agv-online.de\/wordpress\/wp-content-uploads-protectedfiles-aktuelleinformationen-steuer-und-sozialfreie-entlastungspaemie\/' title='Link zu: Steuer- und sozialabgabenfreie Entlastungspr\u00e4mie'>Steuer- und sozialabgabenfreie Entlastungspr\u00e4mie<\/a><\/h3><\/header><\/div><footer class=\"entry-footer\"><\/footer><\/article><article class='av-magazine-entry av-magazine-entry-id-7760 av-magazine-format-standard av-magazine-type-post av-magazine-entry-2 av-magazine-entry-small av-magazine-no-thumb'  itemscope=\"itemscope\" itemtype=\"https:\/\/schema.org\/BlogPosting\" itemprop=\"blogPost\" ><div class=\"av-magazine-content-wrap\"><header class=\"entry-content-header\" aria-label=\"Post: Lehrgang Gepr\u00fcfte\/r Personalreferent\/in (EBZ\/AGV) \u2013 Start: 24. Juni 2026\"><time class='av-magazine-time updated'  itemprop=\"datePublished\" datetime=\"2026-03-12T14:57:10+01:00\" >12. M\u00e4rz 2026<\/time><h3 class='av-magazine-title entry-title '  itemprop=\"headline\" ><a href='https:\/\/www.agv-online.de\/wordpress\/lehrgang-personalreferent-2026\/' title='Link zu: Lehrgang Gepr\u00fcfte\/r Personalreferent\/in (EBZ\/AGV) \u2013 Start: 24. Juni 2026'>Lehrgang Gepr\u00fcfte\/r Personalreferent\/in (EBZ\/AGV) \u2013 Start: 24. Juni 2026<\/a><\/h3><\/header><\/div><footer class=\"entry-footer\"><\/footer><\/article><\/div><\/div><\/p><\/div>\n<\/p>\n","protected":false},"excerpt":{"rendered":"","protected":false},"author":13,"featured_media":0,"comment_status":"closed","ping_status":"closed","sticky":false,"template":"","format":"standard","meta":{"footnotes":""},"categories":[22],"tags":[],"class_list":["post-7760","post","type-post","status-publish","format-standard","hentry","category-aktuelles"],"_links":{"self":[{"href":"https:\/\/www.agv-online.de\/wordpress\/wp-json\/wp\/v2\/posts\/7760","targetHints":{"allow":["GET"]}}],"collection":[{"href":"https:\/\/www.agv-online.de\/wordpress\/wp-json\/wp\/v2\/posts"}],"about":[{"href":"https:\/\/www.agv-online.de\/wordpress\/wp-json\/wp\/v2\/types\/post"}],"author":[{"embeddable":true,"href":"https:\/\/www.agv-online.de\/wordpress\/wp-json\/wp\/v2\/users\/13"}],"replies":[{"embeddable":true,"href":"https:\/\/www.agv-online.de\/wordpress\/wp-json\/wp\/v2\/comments?post=7760"}],"version-history":[{"count":3,"href":"https:\/\/www.agv-online.de\/wordpress\/wp-json\/wp\/v2\/posts\/7760\/revisions"}],"predecessor-version":[{"id":7825,"href":"https:\/\/www.agv-online.de\/wordpress\/wp-json\/wp\/v2\/posts\/7760\/revisions\/7825"}],"wp:attachment":[{"href":"https:\/\/www.agv-online.de\/wordpress\/wp-json\/wp\/v2\/media?parent=7760"}],"wp:term":[{"taxonomy":"category","embeddable":true,"href":"https:\/\/www.agv-online.de\/wordpress\/wp-json\/wp\/v2\/categories?post=7760"},{"taxonomy":"post_tag","embeddable":true,"href":"https:\/\/www.agv-online.de\/wordpress\/wp-json\/wp\/v2\/tags?post=7760"}],"curies":[{"name":"wp","href":"https:\/\/api.w.org\/{rel}","templated":true}]}}